{"id":1270,"date":"2021-03-19T13:13:56","date_gmt":"2021-03-19T13:13:56","guid":{"rendered":"http:\/\/blogs.kent.ac.uk\/paris-news\/?p=1270"},"modified":"2021-04-30T13:19:02","modified_gmt":"2021-04-30T13:19:02","slug":"parisian-history-focus-150-year-anniversary-of-the-paris-commune","status":"publish","type":"post","link":"https:\/\/blogs.kent.ac.uk\/paris-news\/2021\/03\/19\/parisian-history-focus-150-year-anniversary-of-the-paris-commune\/","title":{"rendered":"Parisian History Focus: 150-Year Anniversary of the Paris Commune"},"content":{"rendered":"<p>The date of 18 March marked the 150th anniversary of the Commune de Paris, a two and a half month long insurrection which occurred in 1871, the last of France&#8217;s almost century of revolutions. It was sparked due to the instability which arose in the wake of the French defeat during the Franco-Prussian war and led to a power between the socialist &#8220;Communards&#8221; and the Republican Gard. The bloody episode in French history involved intense fighting in the streets of Paris and other deadly events. There are various sites around Paris which still bear witness to the Paris Commune. Below are some of the more relevant or visually evocative examples of these.<\/p>\n<p><strong>Plaza in front of Sacr\u00e9-Coeur<\/strong><\/p>\n<p>The government&#8217;s attempt to remove the canons, placed in front of Sacr\u00e9-Coeur to defend the city during the Franco-Prussian war, was a key factor in the outbreak of the insurrection on 18 March 1871 (see above photo). There were further canons in Menilmontant, Place des Vosges and other venues around the city.<\/p>\n<p><strong>Square Louise Michel<\/strong><\/p>\n<p>Although this small square at the bottom of Sacr\u00e9-Coeur was created in the wake of the defeat of the Paris Commune, in 2004 it was renamed after Louise Michel. A school teacher in Montmartre, she became one of the best known figures of the Paris Commune.<\/p>\n<div id=\"attachment_1272\" style=\"width: 840px\" class=\"wp-caption alignnone\"><a href=\"http:\/\/blogs.kent.ac.uk\/paris-news\/files\/2021\/03\/Screen-Shot-2021-03-19-at-13.59.43.png\"><img aria-describedby=\"caption-attachment-1272\" loading=\"lazy\" class=\"wp-image-1272 size-full\" src=\"http:\/\/blogs.kent.ac.uk\/paris-news\/files\/2021\/03\/Screen-Shot-2021-03-19-at-13.59.43.png\" alt=\"Le mur des F\u00e9d\u00e9r\u00e9s - Cimeti\u00e8re du P\u00e8re-Lachaise\" width=\"830\" height=\"530\" \/><\/a><p id=\"caption-attachment-1272\" class=\"wp-caption-text\">Le mur des F\u00e9d\u00e9r\u00e9s &#8211; Cimeti\u00e8re du P\u00e8re-Lachaise Photo: Roger Viollet<\/p><\/div>\n<h3><strong>Le mur des F\u00e9d\u00e9r\u00e9s &#8211; Cimeti\u00e8re du P\u00e8re-Lachaise<\/strong><\/h3>\n<p>There is a memorial here on the spot where one-hundred and forty-seven <em>f\u00e9d\u00e9r\u00e9s<\/em>, combatants of the Paris Commune, were shot at the foot of the wall and thrown into an open grave at the end of the revolt on 28 May 1871.<\/p>\n<h3><strong>Villa des Otages (85 rue Haxo, 75020)<\/strong><\/h3>\n<p>A caf\u00e9-concert at this address had been converted into a command post. On 26 May 1871, 52 hostages from the La Roquette prison, including 34 gendarmes and 11 Jesuits, were taken here and executed. There is a commemorative plaque labeled\u00a0 \u201cvilla des otages\u201d on the outside of the building and a memorial is dedicated to them at the nearby Belleville cemetery.<\/p>\n<div id=\"attachment_1273\" style=\"width: 910px\" class=\"wp-caption alignnone\"><a href=\"http:\/\/blogs.kent.ac.uk\/paris-news\/files\/2021\/03\/tag-commune-de-paris-saint-paul-saint-louis.jpg\"><img aria-describedby=\"caption-attachment-1273\" loading=\"lazy\" class=\"size-full wp-image-1273\" src=\"http:\/\/blogs.kent.ac.uk\/paris-news\/files\/2021\/03\/tag-commune-de-paris-saint-paul-saint-louis.jpg\" alt=\"\" width=\"900\" height=\"668\" \/><\/a><p id=\"caption-attachment-1273\" class=\"wp-caption-text\">Commune Graffiti in Eglise Saint-Paul-Saint-Louis Photo: Un Jour de Plus a Paris<\/p><\/div>\n<h3><strong>\u00c9glise Saint-Paul-Saint-Louis<\/strong><\/h3>\n<p>Few people know that this beautiful Baroque church in the Marais contains an interesting piece of Commune graffiti. Look for the second pillar on the right when entering the church and you can see the faint words \u201c<em>R\u00e9publique fran\u00e7aise ou la mort<\/em>\u201d (French Republic or death) which were not able to be completely removed.<\/p>\n<h3><strong>Hotel de Ville<\/strong><\/h3>\n<p>The Communards set many buildings on fire during the rebellion. Some of these were so badly damaged that they were not rebuilt, like the Tuileries Palace and a palace which stood on the site where the Mus\u00e9e was later built. L&#8217;Hotel de Ville, Paris&#8217;s City Hall, was among the structures damaged yet restored.<\/p>\n<div id=\"attachment_1274\" style=\"width: 709px\" class=\"wp-caption aligncenter\"><a href=\"http:\/\/blogs.kent.ac.uk\/paris-news\/files\/2021\/03\/destruction-colonne-vendome.jpg\"><img aria-describedby=\"caption-attachment-1274\" loading=\"lazy\" class=\" wp-image-1274\" src=\"http:\/\/blogs.kent.ac.uk\/paris-news\/files\/2021\/03\/destruction-colonne-vendome.jpg\" alt=\"\" width=\"699\" height=\"446\" \/><\/a><p id=\"caption-attachment-1274\" class=\"wp-caption-text\">Destruction of the Vendome Column<\/p><\/div>\n<p><strong>Colonne Vendome<\/strong><\/p>\n<p>A group of Communards, led by painter Gustave Courbet, torn down and badly damaged the column erected by Napoleon Bonaparte in the early 1800s. The artist was later forced to pay for it to be rebuilt, which led to his bankruptcy and exile to Switzerland.<\/p>\n<p>You can learn more about the revolt in\u00a0<a href=\"https:\/\/www.bbc.com\/news\/world-europe-56426710\" target=\"_blank\" rel=\"noopener noreferrer\" data-auth=\"NotApplicable\">this recent article\u00a0<\/a>on the BBC or in the academic publications on the\u00a0<a href=\"https:\/\/librarysearch.kent.ac.uk\/client\/en_GB\/kent\/search\/results?qu=paris+commune&amp;te=&amp;ir=Both\" target=\"_blank\" rel=\"noopener noreferrer\" data-auth=\"NotApplicable\">Digital Libraries site<\/a>. As it is quite complex you can also get a better grasp of it via\u00a0<a href=\"https:\/\/montmartrefootsteps.com\/the-paris-commune-and-montmartre\/\" target=\"_blank\" rel=\"noopener noreferrer\" data-auth=\"NotApplicable\">this useful Paris Commune timeline<\/a>.<\/p>\n","protected":false},"excerpt":{"rendered":"<p>The date of 18 March marked the 150th anniversary of the Commune de Paris, a two and a half month long insurrection which occurred in 1871, the last of France&#8217;s almost century of revolutions. It was sparked due to the instability which arose in the wake of the French defeat during the Franco-Prussian war and [&hellip;]<\/p>\n","protected":false},"author":74581,"featured_media":1271,"comment_status":"closed","ping_status":"open","sticky":false,"template":"","format":"standard","meta":[],"categories":[124,172971,173001],"tags":[173003,173001,173004],"_links":{"self":[{"href":"https:\/\/blogs.kent.ac.uk\/paris-news\/wp-json\/wp\/v2\/posts\/1270"}],"collection":[{"href":"https:\/\/blogs.kent.ac.uk\/paris-news\/wp-json\/wp\/v2\/posts"}],"about":[{"href":"https:\/\/blogs.kent.ac.uk\/paris-news\/wp-json\/wp\/v2\/types\/post"}],"author":[{"embeddable":true,"href":"https:\/\/blogs.kent.ac.uk\/paris-news\/wp-json\/wp\/v2\/users\/74581"}],"replies":[{"embeddable":true,"href":"https:\/\/blogs.kent.ac.uk\/paris-news\/wp-json\/wp\/v2\/comments?post=1270"}],"version-history":[{"count":5,"href":"https:\/\/blogs.kent.ac.uk\/paris-news\/wp-json\/wp\/v2\/posts\/1270\/revisions"}],"predecessor-version":[{"id":1281,"href":"https:\/\/blogs.kent.ac.uk\/paris-news\/wp-json\/wp\/v2\/posts\/1270\/revisions\/1281"}],"wp:featuredmedia":[{"embeddable":true,"href":"https:\/\/blogs.kent.ac.uk\/paris-news\/wp-json\/wp\/v2\/media\/1271"}],"wp:attachment":[{"href":"https:\/\/blogs.kent.ac.uk\/paris-news\/wp-json\/wp\/v2\/media?parent=1270"}],"wp:term":[{"taxonomy":"category","embeddable":true,"href":"https:\/\/blogs.kent.ac.uk\/paris-news\/wp-json\/wp\/v2\/categories?post=1270"},{"taxonomy":"post_tag","embeddable":true,"href":"https:\/\/blogs.kent.ac.uk\/paris-news\/wp-json\/wp\/v2\/tags?post=1270"}],"curies":[{"name":"wp","href":"https:\/\/api.w.org\/{rel}","templated":true}]}}